{"id":408,"date":"2026-04-28T10:23:04","date_gmt":"2026-04-28T16:23:04","guid":{"rendered":"https:\/\/eltrascendidodigital.info\/?p=408"},"modified":"2026-04-28T10:23:04","modified_gmt":"2026-04-28T16:23:04","slug":"especialista-desestima-categorias-psicologicas-en-analisis-del-feminicidio-de-carolina-flores","status":"publish","type":"post","link":"https:\/\/eltrascendidodigital.info\/?p=408","title":{"rendered":"Especialista desestima categor\u00edas psicol\u00f3gicas en an\u00e1lisis del feminicidio de Carolina Flores"},"content":{"rendered":"<p>El an\u00e1lisis del feminicidio de Carolina Flores G\u00f3mez, ocurrido el pasado 15 de abril en un departamento de Polanco, no debe reducirse a la aplicaci\u00f3n de etiquetas psicol\u00f3gicas como &#8220;complejo de Yocasta&#8221; o &#8220;enmeshment&#8221;, seg\u00fan la opini\u00f3n del psic\u00f3logo David M\u00e1rquez Verduzco, acad\u00e9mico de la UNAM.<\/p>\n<h3>Contexto del debate p\u00fablico<\/h3>\n<p>La discusi\u00f3n sobre estos t\u00e9rminos surgi\u00f3 tras la filtraci\u00f3n de un video que capt\u00f3 el ataque y la posterior viralizaci\u00f3n de una frase atribuida a la suegra de la v\u00edctima, identificada como Erika. En la grabaci\u00f3n, proveniente de la c\u00e1mara del beb\u00e9 de ocho meses de Carolina, se escucha a Erika decir: &#8220;Mi familia es m\u00eda. T\u00fa eres m\u00edo y ella me rob\u00f3&#8221;. Este di\u00e1logo llev\u00f3 a medios y redes sociales a vincular el crimen con din\u00e1micas familiares de cercan\u00eda extrema.<\/p>\n<h3>Postura profesional sobre los conceptos<\/h3>\n<p>David M\u00e1rquez Verduzco aclar\u00f3 que conceptos como &#8220;complejo de Yocasta&#8221; no constituyen s\u00edndromes o trastornos psicol\u00f3gicos diagnosticables con una sintomatolog\u00eda espec\u00edfica, a diferencia de condiciones como el trastorno l\u00edmite de la personalidad. El especialista se\u00f1al\u00f3 que se trata m\u00e1s bien de categor\u00edas de an\u00e1lisis utilizadas por algunos profesionales para estudiar ciertas din\u00e1micas familiares, describiendo el &#8220;complejo de Yocasta&#8221; como la contraparte femenina del complejo de Edipo.<\/p>\n<p>M\u00e1rquez Verduzco enfatiz\u00f3 que el feminicidio no puede explicarse \u00fanicamente desde una perspectiva psicol\u00f3gica, argumentando que existen factores legales y sociales de mayor complejidad. Advirti\u00f3 contra el an\u00e1lisis generalizado del caso, ya que a\u00fan se desconocen aspectos clave como la din\u00e1mica familiar exacta, el contexto social y los antecedentes de las personas involucradas.<\/p>\n<h3>Detalles del caso y reacciones<\/h3>\n<p>El esposo de Carolina, quien es hijo de la presunta agresora, retras\u00f3 la notificaci\u00f3n del crimen aproximadamente 24 horas, principalmente para proteger a su hijo menor y permitir que fuera amamantado, seg\u00fan revelaciones de la madre de la v\u00edctima.<\/p>\n<p>Carolina Flores G\u00f3mez, originaria de Ensenada, Baja California, naci\u00f3 el 4 de abril de 1999 y desde temprana edad mostr\u00f3 inter\u00e9s por el modelaje. En 2017 particip\u00f3 en el concurso Miss Teen Universe Baja California, donde obtuvo la corona, para despu\u00e9s competir a nivel nacional. Estudi\u00f3 en el jard\u00edn de ni\u00f1os &#8220;El Tesoro del Saber&#8221; y posteriormente en el Colegio Benito Ju\u00e1rez, donde curs\u00f3 la especialidad de Laboratorio Qu\u00edmico. Ambas instituciones expresaron su condolencia p\u00fablicamente.<\/p>\n<h3>Importancia de la salud mental<\/h3>\n<p>El psic\u00f3logo tambi\u00e9n destac\u00f3 la importancia fundamental de la salud mental, citando a la Organizaci\u00f3n Mundial de la Salud (OMS), que la define como parte de &#8220;un estado de completo bienestar f\u00edsico, mental y social&#8221;. Recomend\u00f3 acudir con un profesional en caso de experimentar malestar emocional, ansiedad, tristeza persistente o situaciones que impidan llevar una vida cotidiana.<\/p>\n","protected":false},"excerpt":{"rendered":"<p>El an\u00e1lisis del feminicidio de Carolina Flores G\u00f3mez, ocurrido el pasado 15 de abril en un departamento de Polanco, no debe reducirse a la aplicaci\u00f3n de etiquetas psicol\u00f3gicas como &#8220;complejo de Yocasta&#8221; o &#8220;enmeshment&#8221;, seg\u00fan la opini\u00f3n del psic\u00f3logo David M\u00e1rquez Verduzco, acad\u00e9mico de la UNAM. Contexto del debate p\u00fablico La discusi\u00f3n sobre estos t\u00e9rminos [&hellip;]<\/p>\n","protected":false},"author":2,"featured_media":409,"comment_status":"open","ping_status":"open","sticky":false,"template":"","format":"standard","meta":{"footnotes":""},"categories":[2,11,9],"tags":[828,830,831,774,829],"class_list":["post-408","post","type-post","status-publish","format-standard","has-post-thumbnail","hentry","category-politica-nacional","category-salud","category-seguridad-defensa","tag-carolina-flores","tag-complejo-de-yocasta","tag-enmeshment","tag-feminicidio","tag-psicologia"],"_links":{"self":[{"href":"https:\/\/eltrascendidodigital.info\/index.php?rest_route=\/wp\/v2\/posts\/408","targetHints":{"allow":["GET"]}}],"collection":[{"href":"https:\/\/eltrascendidodigital.info\/index.php?rest_route=\/wp\/v2\/posts"}],"about":[{"href":"https:\/\/eltrascendidodigital.info\/index.php?rest_route=\/wp\/v2\/types\/post"}],"author":[{"embeddable":true,"href":"https:\/\/eltrascendidodigital.info\/index.php?rest_route=\/wp\/v2\/users\/2"}],"replies":[{"embeddable":true,"href":"https:\/\/eltrascendidodigital.info\/index.php?rest_route=%2Fwp%2Fv2%2Fcomments&post=408"}],"version-history":[{"count":0,"href":"https:\/\/eltrascendidodigital.info\/index.php?rest_route=\/wp\/v2\/posts\/408\/revisions"}],"wp:featuredmedia":[{"embeddable":true,"href":"https:\/\/eltrascendidodigital.info\/index.php?rest_route=\/wp\/v2\/media\/409"}],"wp:attachment":[{"href":"https:\/\/eltrascendidodigital.info\/index.php?rest_route=%2Fwp%2Fv2%2Fmedia&parent=408"}],"wp:term":[{"taxonomy":"category","embeddable":true,"href":"https:\/\/eltrascendidodigital.info\/index.php?rest_route=%2Fwp%2Fv2%2Fcategories&post=408"},{"taxonomy":"post_tag","embeddable":true,"href":"https:\/\/eltrascendidodigital.info\/index.php?rest_route=%2Fwp%2Fv2%2Ftags&post=408"}],"curies":[{"name":"wp","href":"https:\/\/api.w.org\/{rel}","templated":true}]}}