{"id":400,"date":"2026-04-26T08:51:46","date_gmt":"2026-04-26T14:51:46","guid":{"rendered":"https:\/\/eltrascendidodigital.info\/?p=400"},"modified":"2026-04-26T08:51:46","modified_gmt":"2026-04-26T14:51:46","slug":"morena-celebrara-consejo-nacional-para-designar-nueva-direccion-tras-salida-de-luisa-maria-alcalde","status":"publish","type":"post","link":"https:\/\/eltrascendidodigital.info\/?p=400","title":{"rendered":"Morena celebrar\u00e1 consejo nacional para designar nueva direcci\u00f3n tras salida de Luisa Mar\u00eda Alcalde"},"content":{"rendered":"<p>El partido Morena convoc\u00f3 a su Consejo Nacional para el pr\u00f3ximo domingo 3 de mayo con el prop\u00f3sito de elegir una nueva dirigencia nacional, luego de que Luisa Mar\u00eda Alcalde anunciara su salida para integrarse a la Consejer\u00eda Jur\u00eddica del gobierno federal.<\/p>\n<h3>Cambio en la estructura partidista<\/h3>\n<p>La decisi\u00f3n se tom\u00f3 despu\u00e9s de que la presidenta Claudia Sheinbaum invitara a Alcalde a encabezar dicha consejer\u00eda, tras la renuncia de Esthela Dami\u00e1n, quien aspira a la candidatura de Morena para la gubernatura de Guerrero en 2027. Dami\u00e1n present\u00f3 su renuncia el 30 de abril, fecha en la que Alcalde acept\u00f3 la invitaci\u00f3n y, por tanto, dejar\u00e1 su cargo en el partido.<\/p>\n<p>Durante el interinato, desde el 30 de abril hasta el 3 de mayo, la secretaria general Carolina Rangel asumir\u00e1 la direcci\u00f3n de manera provisional. La reuni\u00f3n del Consejo Nacional podr\u00eda ser presidida por Alfonso Durazo.<\/p>\n<h3>Proceso de sustituci\u00f3n y requisitos<\/h3>\n<p>De acuerdo con los estatutos del partido, el Consejo Nacional est\u00e1 facultado para aprobar la sustituci\u00f3n de miembros del Comit\u00e9 Ejecutivo Nacional. El documento establece que quienes aspiren a ocupar cargos en los \u00f3rganos de Direcci\u00f3n Ejecutiva deben separarse previamente de cualquier puesto en los poderes Legislativo, Ejecutivo o Judicial de cualquier nivel de gobierno.<\/p>\n<p>Esto aplica para figuras como la secretaria de Bienestar, Ariadna Montiel, quien ha sido mencionada como posible sucesora. La convocatoria para la sesi\u00f3n del 3 de mayo ya fue distribuida entre los integrantes del instituto pol\u00edtico fundado por Andr\u00e9s Manuel L\u00f3pez Obrador.<\/p>\n","protected":false},"excerpt":{"rendered":"<p>El partido Morena convoc\u00f3 a su Consejo Nacional para el pr\u00f3ximo domingo 3 de mayo con el prop\u00f3sito de elegir una nueva dirigencia nacional, luego de que Luisa Mar\u00eda Alcalde anunciara su salida para integrarse a la Consejer\u00eda Jur\u00eddica del gobierno federal. Cambio en la estructura partidista La decisi\u00f3n se tom\u00f3 despu\u00e9s de que la [&hellip;]<\/p>\n","protected":false},"author":2,"featured_media":401,"comment_status":"open","ping_status":"open","sticky":false,"template":"","format":"standard","meta":{"footnotes":""},"categories":[7,2],"tags":[16,818,802,801,55],"class_list":["post-400","post","type-post","status-publish","format-standard","has-post-thumbnail","hentry","category-partidos-politicos","category-politica-nacional","tag-claudia-sheinbaum","tag-consejo-nacional","tag-dirigencia","tag-luisa-maria-alcalde","tag-morena"],"_links":{"self":[{"href":"https:\/\/eltrascendidodigital.info\/index.php?rest_route=\/wp\/v2\/posts\/400","targetHints":{"allow":["GET"]}}],"collection":[{"href":"https:\/\/eltrascendidodigital.info\/index.php?rest_route=\/wp\/v2\/posts"}],"about":[{"href":"https:\/\/eltrascendidodigital.info\/index.php?rest_route=\/wp\/v2\/types\/post"}],"author":[{"embeddable":true,"href":"https:\/\/eltrascendidodigital.info\/index.php?rest_route=\/wp\/v2\/users\/2"}],"replies":[{"embeddable":true,"href":"https:\/\/eltrascendidodigital.info\/index.php?rest_route=%2Fwp%2Fv2%2Fcomments&post=400"}],"version-history":[{"count":0,"href":"https:\/\/eltrascendidodigital.info\/index.php?rest_route=\/wp\/v2\/posts\/400\/revisions"}],"wp:featuredmedia":[{"embeddable":true,"href":"https:\/\/eltrascendidodigital.info\/index.php?rest_route=\/wp\/v2\/media\/401"}],"wp:attachment":[{"href":"https:\/\/eltrascendidodigital.info\/index.php?rest_route=%2Fwp%2Fv2%2Fmedia&parent=400"}],"wp:term":[{"taxonomy":"category","embeddable":true,"href":"https:\/\/eltrascendidodigital.info\/index.php?rest_route=%2Fwp%2Fv2%2Fcategories&post=400"},{"taxonomy":"post_tag","embeddable":true,"href":"https:\/\/eltrascendidodigital.info\/index.php?rest_route=%2Fwp%2Fv2%2Ftags&post=400"}],"curies":[{"name":"wp","href":"https:\/\/api.w.org\/{rel}","templated":true}]}}