{"id":357,"date":"2026-04-15T10:31:18","date_gmt":"2026-04-15T16:31:18","guid":{"rendered":"https:\/\/eltrascendidodigital.info\/?p=357"},"modified":"2026-04-15T10:31:18","modified_gmt":"2026-04-15T16:31:18","slug":"pvem-busca-alianza-con-pri-en-michoacan-tras-separarse-de-morena","status":"publish","type":"post","link":"https:\/\/eltrascendidodigital.info\/?p=357","title":{"rendered":"PVEM busca alianza con PRI en Michoac\u00e1n tras separarse de Morena"},"content":{"rendered":"<p>El Partido Verde Ecologista de M\u00e9xico (PVEM) inici\u00f3 conversaciones con el Partido Revolucionario Institucional (PRI) para formar una posible coalici\u00f3n electoral en la contienda por la gubernatura de Michoac\u00e1n, luego de romper su alianza nacional con Morena. El encuentro entre los dirigentes ocurri\u00f3 el 14 de abril de 2026 en Ciudad de M\u00e9xico.<\/p>\n<h3>Encuentro estrat\u00e9gico entre partidos<\/h3>\n<p>Ernesto N\u00fa\u00f1ez, l\u00edder estatal del PVEM en Michoac\u00e1n, sostuvo una reuni\u00f3n de aproximadamente cinco horas con Alejandro Moreno C\u00e1rdenas, presidente nacional del PRI, y con Juan Antonio Maga\u00f1a de la Mora, quien fuera candidato a gobernador por el partido ecologista. La fotograf\u00eda del encuentro confirm\u00f3 las intenciones de una nueva configuraci\u00f3n pol\u00edtica en el estado.<\/p>\n<h3>Ruptura definitiva con Morena<\/h3>\n<p>La fractura entre el PVEM y Morena en Michoac\u00e1n se profundiz\u00f3 luego de que el partido guinda respaldara inicialmente al senador Ra\u00fal Mor\u00f3n como su candidato fuerte. Sin embargo, las negociaciones se rompieron tras el asesinato de Carlos Manzo y denuncias de incumplimiento de acuerdos por parte de Mor\u00f3n, cuya estrategia es dirigida por su padrino pol\u00edtico, Leonel Godoy.<\/p>\n<p>Los representantes verdes acusan a Morena de no cumplir con los compromisos previos, lo que los llev\u00f3 a buscar una nueva trinchera pol\u00edtica donde puedan influir directamente en la selecci\u00f3n de candidaturas y en la agenda electoral.<\/p>\n<h3>Oportunidad para el PRI<\/h3>\n<p>Para el PRI, esta coyuntura representa una oportunidad para recuperar competitividad en un estado clave. Despu\u00e9s de sufrir derrotas en procesos electorales recientes y buscar recomponer su estructura, el partido tricolor ve en el PVEM un aliado que puede aportarle presencia territorial y votos estrat\u00e9gicos en una elecci\u00f3n que se prev\u00e9 ajustada y fragmentada.<\/p>\n<h3>Riesgos y contradicciones<\/h3>\n<p>Una eventual alianza entre el PVEM y el PRI enfrenta el desaf\u00edo de explicar un giro pol\u00edtico que algunos podr\u00edan interpretar como un regreso a pr\u00e1cticas del pasado bajo nuevas etiquetas. La credibilidad de la narrativa de cambio que ambos partidos han promovido en distintos momentos se pondr\u00eda a prueba.<\/p>\n<h3>Implicaciones nacionales<\/h3>\n<p>Este movimiento no solo altera el panorama electoral en Michoac\u00e1n, sino que env\u00eda un mensaje a nivel nacional sobre la fragilidad de las alianzas con Morena y la disposici\u00f3n de sus antiguos socios a reacomodarse seg\u00fan sus intereses pol\u00edticos inmediatos.<\/p>\n<p>La figura de Juan Antonio Maga\u00f1a de la Mora resurge como una opci\u00f3n competitiva para la gubernatura, mientras Ernesto N\u00fa\u00f1ez se consolida como un operador clave en la formaci\u00f3n de este bloque opositor. Es relevante destacar que N\u00fa\u00f1ez asisti\u00f3 a la reuni\u00f3n con el l\u00edder priista acompa\u00f1ado por Maga\u00f1a de la Mora y tres dirigentes importantes de la c\u00fapula nacional del PVEM.<\/p>\n<p>El escenario pol\u00edtico en Michoac\u00e1n entra en una fase de alta tensi\u00f3n, donde las lealtades partidistas se redefinen y las alianzas dejan de ser permanentes para convertirse en herramientas de supervivencia pol\u00edtica. Mientras el PVEM toma acci\u00f3n y el PRI eval\u00faa la propuesta, Morena observa c\u00f3mo uno de sus antiguos aliados comienza a operar en su contra.<\/p>\n","protected":false},"excerpt":{"rendered":"<p>El Partido Verde Ecologista de M\u00e9xico (PVEM) inici\u00f3 conversaciones con el Partido Revolucionario Institucional (PRI) para formar una posible coalici\u00f3n electoral en la contienda por la gubernatura de Michoac\u00e1n, luego de romper su alianza nacional con Morena. El encuentro entre los dirigentes ocurri\u00f3 el 14 de abril de 2026 en Ciudad de M\u00e9xico. Encuentro estrat\u00e9gico [&hellip;]<\/p>\n","protected":false},"author":2,"featured_media":358,"comment_status":"open","ping_status":"open","sticky":false,"template":"","format":"standard","meta":{"footnotes":""},"categories":[4,7,2],"tags":[755,756,757,198,55,633,282],"class_list":["post-357","post","type-post","status-publish","format-standard","has-post-thumbnail","hentry","category-elecciones","category-partidos-politicos","category-politica-nacional","tag-alianza","tag-elecciones","tag-gubernatura","tag-michoacan","tag-morena","tag-pri","tag-pvem"],"_links":{"self":[{"href":"https:\/\/eltrascendidodigital.info\/index.php?rest_route=\/wp\/v2\/posts\/357","targetHints":{"allow":["GET"]}}],"collection":[{"href":"https:\/\/eltrascendidodigital.info\/index.php?rest_route=\/wp\/v2\/posts"}],"about":[{"href":"https:\/\/eltrascendidodigital.info\/index.php?rest_route=\/wp\/v2\/types\/post"}],"author":[{"embeddable":true,"href":"https:\/\/eltrascendidodigital.info\/index.php?rest_route=\/wp\/v2\/users\/2"}],"replies":[{"embeddable":true,"href":"https:\/\/eltrascendidodigital.info\/index.php?rest_route=%2Fwp%2Fv2%2Fcomments&post=357"}],"version-history":[{"count":0,"href":"https:\/\/eltrascendidodigital.info\/index.php?rest_route=\/wp\/v2\/posts\/357\/revisions"}],"wp:featuredmedia":[{"embeddable":true,"href":"https:\/\/eltrascendidodigital.info\/index.php?rest_route=\/wp\/v2\/media\/358"}],"wp:attachment":[{"href":"https:\/\/eltrascendidodigital.info\/index.php?rest_route=%2Fwp%2Fv2%2Fmedia&parent=357"}],"wp:term":[{"taxonomy":"category","embeddable":true,"href":"https:\/\/eltrascendidodigital.info\/index.php?rest_route=%2Fwp%2Fv2%2Fcategories&post=357"},{"taxonomy":"post_tag","embeddable":true,"href":"https:\/\/eltrascendidodigital.info\/index.php?rest_route=%2Fwp%2Fv2%2Ftags&post=357"}],"curies":[{"name":"wp","href":"https:\/\/api.w.org\/{rel}","templated":true}]}}