{"id":276,"date":"2026-03-24T10:15:36","date_gmt":"2026-03-24T16:15:36","guid":{"rendered":"https:\/\/eltrascendidodigital.info\/?p=276"},"modified":"2026-03-24T10:15:36","modified_gmt":"2026-03-24T16:15:36","slug":"fallece-jorge-kahwagi-gastine-presidente-del-periodico-la-cronica-de-hoy","status":"publish","type":"post","link":"https:\/\/eltrascendidodigital.info\/?p=276","title":{"rendered":"Fallece Jorge Kahwagi Gastine, presidente del peri\u00f3dico La Cr\u00f3nica de Hoy"},"content":{"rendered":"<p>El director del diario La Cr\u00f3nica de Hoy, Jorge Kahwagi Gastine, muri\u00f3 este lunes a la edad de 85 a\u00f1os, seg\u00fan inform\u00f3 el propio medio de comunicaci\u00f3n durante la noche del mismo d\u00eda. Kahwagi Gastine hab\u00eda estado al frente de la publicaci\u00f3n desde el a\u00f1o 2000.<\/p>\n<h3>Reacciones por la partida<\/h3>\n<p>Tras conocerse la noticia de su deceso, varias figuras pol\u00edticas y period\u00edsticas manifestaron sus condolencias. El l\u00edder nacional del Partido Revolucionario Institucional (PRI), Alejandro Moreno C\u00e1rdenas, comparti\u00f3 un mensaje en sus redes sociales: <\/p>\n<blockquote><p>\u201cfue un hombre que construy\u00f3, que particip\u00f3, que dej\u00f3 huella en los medios y en la vida p\u00fablica de M\u00e9xico\u2026 A su familia y a sus amigos les mando mi solidaridad sincera. Que encuentren fortaleza en este momento tan doloroso\u201d.<\/p><\/blockquote>\n<h3>Trayectoria acad\u00e9mica y profesional<\/h3>\n<p>Kahwagi Gastine hab\u00eda obtenido el t\u00edtulo de Licenciado en Derecho en la Universidad Nacional Aut\u00f3noma de M\u00e9xico y tambi\u00e9n era Doctor en Administraci\u00f3n P\u00fablica, con una Especializaci\u00f3n en Alta Direcci\u00f3n de Empresas, por la Universidad Panamericana. Adem\u00e1s, formaba parte del Patronato del Colegio Nacional de Educaci\u00f3n Profesional T\u00e9cnica, participaba en la junta de gobierno del Centro de Investigaci\u00f3n y de Estudios Avanzados del Instituto Polit\u00e9cnico Nacional y era miembro de la Barra Mexicana del Colegio de Abogados.<\/p>\n","protected":false},"excerpt":{"rendered":"<p>El director del diario La Cr\u00f3nica de Hoy, Jorge Kahwagi Gastine, muri\u00f3 este lunes a la edad de 85 a\u00f1os, seg\u00fan inform\u00f3 el propio medio de comunicaci\u00f3n durante la noche del mismo d\u00eda. Kahwagi Gastine hab\u00eda estado al frente de la publicaci\u00f3n desde el a\u00f1o 2000. Reacciones por la partida Tras conocerse la noticia de [&hellip;]<\/p>\n","protected":false},"author":2,"featured_media":277,"comment_status":"open","ping_status":"open","sticky":false,"template":"","format":"standard","meta":{"footnotes":""},"categories":[2],"tags":[632,521,630,631,633],"class_list":["post-276","post","type-post","status-publish","format-standard","has-post-thumbnail","hentry","category-politica-nacional","tag-alejandro-moreno-cardenas","tag-fallecimiento","tag-jorge-kahwagi-gastine","tag-la-cronica-de-hoy","tag-pri"],"_links":{"self":[{"href":"https:\/\/eltrascendidodigital.info\/index.php?rest_route=\/wp\/v2\/posts\/276","targetHints":{"allow":["GET"]}}],"collection":[{"href":"https:\/\/eltrascendidodigital.info\/index.php?rest_route=\/wp\/v2\/posts"}],"about":[{"href":"https:\/\/eltrascendidodigital.info\/index.php?rest_route=\/wp\/v2\/types\/post"}],"author":[{"embeddable":true,"href":"https:\/\/eltrascendidodigital.info\/index.php?rest_route=\/wp\/v2\/users\/2"}],"replies":[{"embeddable":true,"href":"https:\/\/eltrascendidodigital.info\/index.php?rest_route=%2Fwp%2Fv2%2Fcomments&post=276"}],"version-history":[{"count":0,"href":"https:\/\/eltrascendidodigital.info\/index.php?rest_route=\/wp\/v2\/posts\/276\/revisions"}],"wp:featuredmedia":[{"embeddable":true,"href":"https:\/\/eltrascendidodigital.info\/index.php?rest_route=\/wp\/v2\/media\/277"}],"wp:attachment":[{"href":"https:\/\/eltrascendidodigital.info\/index.php?rest_route=%2Fwp%2Fv2%2Fmedia&parent=276"}],"wp:term":[{"taxonomy":"category","embeddable":true,"href":"https:\/\/eltrascendidodigital.info\/index.php?rest_route=%2Fwp%2Fv2%2Fcategories&post=276"},{"taxonomy":"post_tag","embeddable":true,"href":"https:\/\/eltrascendidodigital.info\/index.php?rest_route=%2Fwp%2Fv2%2Ftags&post=276"}],"curies":[{"name":"wp","href":"https:\/\/api.w.org\/{rel}","templated":true}]}}